{"id":7541,"date":"2026-09-03T10:00:03","date_gmt":"2026-09-03T07:00:03","guid":{"rendered":"https:\/\/fmi.usm.md\/?p=7541"},"modified":"2026-09-03T11:30:20","modified_gmt":"2026-09-03T08:30:20","slug":"zilele-matematicii-la-universitatea-de-stat-din-moldova","status":"publish","type":"post","link":"https:\/\/fmi.usm.md\/en\/zilele-matematicii-la-universitatea-de-stat-din-moldova\/","title":{"rendered":"Zilele Matematicii la Universitatea de Stat din Moldova"},"content":{"rendered":"<table>\n<tbody>\n<tr>\n<td style=\"overflow: hidden;\" width=\"40%\">\n<div style=\"height: 635px; overflow: hidden; position: relative; top: -260px;\">\n<div style=\"width: 500px;\" class=\"wp-video\"><video class=\"wp-video-shortcode\" id=\"video-7541-1\" width=\"500\" height=\"360\" preload=\"metadata\" controls=\"controls\"><source type=\"video\/mp4\" src=\"https:\/\/fmi.usm.md\/wp-content\/uploads\/2026\/09\/img_1491.mp4?_=1\" \/><a href=\"https:\/\/fmi.usm.md\/wp-content\/uploads\/2026\/09\/img_1491.mp4\">https:\/\/fmi.usm.md\/wp-content\/uploads\/2026\/09\/img_1491.mp4<\/a><\/video><\/div>\n<\/div>\n<\/td>\n<td width=\"60%\">\n<p style=\"text-align: justify;\">\u00cen perioada 24\u201325 august 2026, la Chi\u0219in\u0103u a avut loc evenimentul \u0219tiin\u021bific interna\u021bional \u201e<strong>Zilele matematicii la Universitatea de Stat din Moldova<\/strong>&#8220;, organizat de Facultatea de Matematic\u0103 \u0219i Informatic\u0103 \u00een colaborare cu Institutul de Matematic\u0103 \u0219i Informatic\u0103 \u201eVladimir Andrunachievici&#8221;. Manifestarea s-a \u00eenscris \u00een seria de activit\u0103\u021bi dedicate anivers\u0103rii a <strong>80 de ani de la fondarea Universit\u0103\u021bii de Stat din Moldova \u0219i a Facult\u0103\u021bii de Matematic\u0103 \u0219i Informatic\u0103<\/strong>.<\/p>\n<p style=\"text-align: justify;\">La lucr\u0103rile evenimentului au participat circa 50 de cercet\u0103tori, cadre didactice \u0219i speciali\u0219ti din cinci \u021b\u0103ri: Brazilia, Spania, Statele Unite ale Americii, Ucraina \u0219i Republica Moldova. Diversitatea mediilor academice reprezentate a favorizat un schimb eficient de idei \u0219i rezultate recente din domeniile matematicii \u0219i informaticii.<\/p>\n<p style=\"text-align: justify;\">Evenimentul a cuprins trei ateliere \u0219tiin\u021bifice specializate: Logic\u0103 Matematic\u0103, Algebr\u0103 \u0219i Geometrie; Ecua\u021bii Diferen\u021biale \u0219i Cercet\u0103ri Opera\u021bionale; Informatic\u0103 \u0219i Inteligen\u021b\u0103 Artificial\u0103. Totodat\u0103, manifestarea a comemorat centenarul na\u0219terii Profesorului A.V. Kuznetsov, c\u0103ruia i-a fost dedicat primul dintre acestea.<\/p>\n<p style=\"text-align: justify;\">Prezent\u0103rile \u0219i discu\u021biile purtate pe parcursul celor dou\u0103 zile au reflectat direc\u021biile actuale de cercetare \u0219i au oferit un cadru practic pentru consolidarea colabor\u0103rilor \u0219tiin\u021bifice interna\u021bionale ale facult\u0103\u021bii \u0219i ale institutului.<\/p>\n<\/td>\n<\/tr>\n<\/tbody>\n<\/table>\n","protected":false},"excerpt":{"rendered":"<p>\u00cen perioada 24\u201325 august 2026, la Chi\u0219in\u0103u a avut loc evenimentul \u0219tiin\u021bific interna\u021bional \u201eZilele matematicii la Universitatea de Stat din Moldova&#8220;, organizat de Facultatea de Matematic\u0103 \u0219i Informatic\u0103 \u00een colaborare cu Institutul de Matematic\u0103 \u0219i Informatic\u0103 \u201eVladimir Andrunachievici&#8221;. Manifestarea s-a \u00eenscris \u00een seria de activit\u0103\u021bi dedicate anivers\u0103rii a 80 de ani de la fondarea Universit\u0103\u021bii&hellip; <br \/> <a class=\"read-more\" href=\"https:\/\/fmi.usm.md\/en\/zilele-matematicii-la-universitatea-de-stat-din-moldova\/\">Read more<\/a><\/p>\n","protected":false},"author":1,"featured_media":7551,"comment_status":"closed","ping_status":"closed","sticky":false,"template":"","format":"standard","meta":{"_seopress_robots_primary_cat":"none","_seopress_titles_title":"","_seopress_titles_desc":"","_seopress_robots_index":"","footnotes":""},"categories":[3],"tags":[],"class_list":["post-7541","post","type-post","status-publish","format-standard","has-post-thumbnail","hentry","category-anunturi"],"rttpg_featured_image_url":{"full":["https:\/\/fmi.usm.md\/wp-content\/uploads\/2026\/09\/img-80.png",729,765,false],"landscape":["https:\/\/fmi.usm.md\/wp-content\/uploads\/2026\/09\/img-80.png",729,765,false],"portraits":["https:\/\/fmi.usm.md\/wp-content\/uploads\/2026\/09\/img-80.png",729,765,false],"thumbnail":["https:\/\/fmi.usm.md\/wp-content\/uploads\/2026\/09\/img-80-150x150.png",150,150,true],"medium":["https:\/\/fmi.usm.md\/wp-content\/uploads\/2026\/09\/img-80-286x300.png",286,300,true],"large":["https:\/\/fmi.usm.md\/wp-content\/uploads\/2026\/09\/img-80.png",729,765,false],"master_addons_team_thumb":["https:\/\/fmi.usm.md\/wp-content\/uploads\/2026\/09\/img-80-250x330.png",250,330,true],"1536x1536":["https:\/\/fmi.usm.md\/wp-content\/uploads\/2026\/09\/img-80.png",729,765,false],"2048x2048":["https:\/\/fmi.usm.md\/wp-content\/uploads\/2026\/09\/img-80.png",729,765,false],"htmega_size_585x295":["https:\/\/fmi.usm.md\/wp-content\/uploads\/2026\/09\/img-80-585x295.png",585,295,true],"htmega_size_1170x536":["https:\/\/fmi.usm.md\/wp-content\/uploads\/2026\/09\/img-80-729x536.png",729,536,true],"htmega_size_396x360":["https:\/\/fmi.usm.md\/wp-content\/uploads\/2026\/09\/img-80-396x360.png",396,360,true],"post-thumbnail":["https:\/\/fmi.usm.md\/wp-content\/uploads\/2026\/09\/img-80.png",729,765,false],"mesmerize-full-hd":["https:\/\/fmi.usm.md\/wp-content\/uploads\/2026\/09\/img-80.png",729,765,false]},"rttpg_author":{"display_name":"","author_link":"https:\/\/fmi.usm.md\/en\/author\/"},"rttpg_comment":0,"rttpg_category":"<a href=\"https:\/\/fmi.usm.md\/en\/anunturi\/\" rel=\"category tag\">Announcements<\/a>","rttpg_excerpt":"\u00cen perioada 24\u201325 august 2026, la Chi\u0219in\u0103u a avut loc evenimentul \u0219tiin\u021bific interna\u021bional \u201eZilele matematicii la Universitatea de Stat din Moldova&#8220;, organizat de Facultatea de Matematic\u0103 \u0219i Informatic\u0103 \u00een colaborare cu Institutul de Matematic\u0103 \u0219i Informatic\u0103 \u201eVladimir Andrunachievici&#8221;. Manifestarea s-a \u00eenscris \u00een seria de activit\u0103\u021bi dedicate anivers\u0103rii a 80 de ani de la fondarea Universit\u0103\u021bii&hellip;&hellip;","_links":{"self":[{"href":"https:\/\/fmi.usm.md\/en\/wp-json\/wp\/v2\/posts\/7541","targetHints":{"allow":["GET"]}}],"collection":[{"href":"https:\/\/fmi.usm.md\/en\/wp-json\/wp\/v2\/posts"}],"about":[{"href":"https:\/\/fmi.usm.md\/en\/wp-json\/wp\/v2\/types\/post"}],"author":[{"embeddable":true,"href":"https:\/\/fmi.usm.md\/en\/wp-json\/wp\/v2\/users\/1"}],"replies":[{"embeddable":true,"href":"https:\/\/fmi.usm.md\/en\/wp-json\/wp\/v2\/comments?post=7541"}],"version-history":[{"count":86,"href":"https:\/\/fmi.usm.md\/en\/wp-json\/wp\/v2\/posts\/7541\/revisions"}],"predecessor-version":[{"id":7639,"href":"https:\/\/fmi.usm.md\/en\/wp-json\/wp\/v2\/posts\/7541\/revisions\/7639"}],"wp:featuredmedia":[{"embeddable":true,"href":"https:\/\/fmi.usm.md\/en\/wp-json\/wp\/v2\/media\/7551"}],"wp:attachment":[{"href":"https:\/\/fmi.usm.md\/en\/wp-json\/wp\/v2\/media?parent=7541"}],"wp:term":[{"taxonomy":"category","embeddable":true,"href":"https:\/\/fmi.usm.md\/en\/wp-json\/wp\/v2\/categories?post=7541"},{"taxonomy":"post_tag","embeddable":true,"href":"https:\/\/fmi.usm.md\/en\/wp-json\/wp\/v2\/tags?post=7541"}],"curies":[{"name":"wp","href":"https:\/\/api.w.org\/{rel}","templated":true}]}}