{"id":765,"date":"2021-05-18T15:18:08","date_gmt":"2021-05-18T12:18:08","guid":{"rendered":"https:\/\/new.usm.md\/?p=765"},"modified":"2025-01-31T06:11:58","modified_gmt":"2025-01-31T03:11:58","slug":"interviu-cu-absolventul-fmi-igor-cialenco-profesor-directorul-departamentului-de-matematica-aplicata-illinois-institute-of-technology","status":"publish","type":"post","link":"https:\/\/fmi.usm.md\/ru\/interviu-cu-absolventul-fmi-igor-cialenco-profesor-directorul-departamentului-de-matematica-aplicata-illinois-institute-of-technology\/","title":{"rendered":"Interviu cu Igor CIALENCO, Profesor, Director Departament MA,\u00a0Illinois Institute of Technology"},"content":{"rendered":"<p style=\"text-align: center;\"><img fetchpriority=\"high\" decoding=\"async\" src=\"http:\/\/fmi.usm.md\/wp-content\/uploads\/2023\/04\/cialenco.jpg\" alt=\"\" width=\"220\" height=\"244\" \/><\/p>\n<p>Cu ocazia\u00a0<strong>anivers\u0103rii a 75-a a Universit\u0103\u021bii de Stat din Moldova, absolventul Facult\u0103\u021bii de Matematic\u0103 \u0219i Informatic\u0103 Igor CIALENCO, Profesor, Directorul Departamentului de Matematic\u0103 Aplicat\u0103, \u00a0Illinois Institute of Technology, https:\/\/www.iit.edu\/directory\/people\/igor-cialenco<\/strong>, a oferit un interviu despre istoria vie\u021bii Domniei sale.<\/p>\n<p>1.\u00a0\u00a0\u00a0\u00a0\u00a0<strong>Tradi\u021bional, discipolii USM sunt cei care asigur\u0103 pia\u021ba muncii cu profesioni\u0219ti, speciali\u0219ti cu o \u00eenalt\u0103 preg\u0103tire academic\u0103. Care au fost oportunit\u0103\u021bile Dvs. de angajare \u0219i cum v-a\u021bi acomodat necesit\u0103\u021bilor practice ale profesiunii?<\/strong><\/p>\n<p>Dup\u0103 absolvirea facult\u0103\u021bii mi-a fost oferit\u0103 posibilitatea de a continua activitatea \u00een calitate de doctorand \u0219i asistent la catedra de Analiza Matematic\u0103 a USM. Era o oportunitate deosebit\u0103, care mi-am dorit-o mult, \u0219i pe care am acceptat-o cu bucurie \u0219i mari speran\u021be de viitor.<\/p>\n<p>2.\u00a0\u00a0\u00a0\u00a0\u00a0<strong>Performan\u021ba \u0219i excelen\u021ba academic\u0103 sunt apreciate \u0219i la mare c\u0103utare. Absolvirea USM-ului v-a marcat via\u021ba profesional\u0103?<\/strong><\/p>\n<p>F\u0103r\u0103 \u00eendoial\u0103 absolvirea USM mi-a marcat pozitiv \u00eentreaga via\u021ba \u0219i inclusiv cea profesional\u0103. La facultate m-am format at\u00e2t ca matematician c\u00e2t \u0219i ca profesor. Acum, reflect\u00e2nd despre facultate \u0219i USM \u00een general, \u00a0cred c\u0103 studiile profunde, cursurile riguroase \u0219i cerin\u021bele \u00eenalte, au fost toate importante \u00een formarea aptitudinilor mele de a g\u00e2ndi \u0219i studia independent. Restul carierii a fost \u00eentr-un sens o prelungire natural\u0103 la ceia ce am f\u0103cut la facultate, doar ca am \u00eencercat s\u0103 le trec la urm\u0103torul nivel. Tot la USM am f\u0103cut primii mei pa\u0219i profesionali si, care m-au marcat nu mai pu\u021bin dec\u00e2t anii de studii. Ajutorul necondi\u021bionat primit din partea \u00eentregii catedrei de analiz\u0103 matematic\u0103, \u00een particular de la Dl Gheorghe Rusu, Dl Pentru Cojuhari, Dl Andrei Corlat, \u0219i \u00een continuare de la membrii catedrei nou formate de analiz\u0103 matematic\u0103 \u0219i ecua\u021bii diferen\u021biale, \u00een particular de la Dl Nicolae Jit\u0103ra\u0219u, Dl Andrei Perjan \u0219i Dl Valeriu Gu\u021bu. \u00centreaga facultate de Matematic\u0103 \u0219i Informatic\u0103 mi-a fost a doua casa.<\/p>\n<p>3<strong>.\u00a0\u00a0\u00a0\u00a0 Tinere\u021bea \u0219i studen\u021bia sunt perioade absolut extraordinare, dinamice \u00een via\u021ba unui om. Ce amintiri ave\u021bi Dumneavoastr\u0103 din anii de studen\u021bie din cadrul Universit\u0103\u021bii de Stat din Moldova?<\/strong><\/p>\n<p>A fost o perioad\u0103 mai mult dec\u00e2t extraordinar\u0103. Erau timpuri incerte. Timpul avea diferit\u0103 scara &#8212; nu \u00een fiecare zi cade un imperiu sau se dubleaz\u0103 pre\u021burile peste noapte. Erau timpuri crunte din punct de vedere financiar. Dar, tot acestea erau \u0219i timpurile c\u00e2nd am v\u0103zut oportunit\u0103\u021bi noi, schimb\u0103ri care d\u0103deau speran\u021b\u0103. A fost experien\u021ba vie\u021bii care cred c\u0103 ne-a f\u0103cut mai duri, mai rezisten\u021bi la greut\u0103\u021bi, poate mai pragmatici. Totodat\u0103, vreau s\u0103 accentuez, ca eram veseli, plini de via\u021b\u0103, ne bucuram de prietenia adev\u0103rat\u0103 dintre colegi. \u00cencercam s\u0103 vedem lucrurile pozitive, s\u0103 savur\u0103m \u0219i s\u0103 \u00eencerc\u0103m noul.\u00a0 Cel mai important, mi-am g\u0103sit dragostea vie\u021bii \u2013 so\u021bia, \u0219i ea de la facultatea de matematic\u0103, cu care \u00een continuare am trecut peste toate<\/p>\n<p>evenimentele vie\u021bii.<br \/>\n4.\u00a0\u00a0\u00a0\u00a0\u00a0<strong>Studiile \u0219i formarea profesional\u0103 se datoreaz\u0103 iscusin\u021bei \u0219i m\u0103iestriei profesorilor. Care dintre ace\u0219tia \u0219i prin ce v-au marcat pe parcursul anilor de studen\u021bie?<\/strong><\/p>\n<p>Pe parcursul \u00eentregii perioade de studii am avut norocul s\u0103 fiu al\u0103turi de profesori excep\u021bionali, datorit\u0103 c\u0103rora am ales cariera de profesor \u0219i cercet\u0103tor \u0219tiin\u021bific. P\u00e2n\u0103 la facultate, profesorul de matematica din \u0219coal\u0103 Dl Victor N. Matveev a fost acel care m-a ajutat sa v\u0103d frumosul \u00een stricte\u021bea matematicii.\u00a0 La facultate, primul an de studii a fost unul emo\u021bional \u0219i cu un impact enorm peste formarea mea ca matematician. Dep\u0103\u0219irea barajului \u0219coal\u0103-facultate a trecut repede,\u00a0 datorit\u0103 celor trei profesori fantastici &#8212; Dl Goian, Dl Barcari \u0219i Dl Lungu &#8212; care ne-au predat, respectiv, primele cursuri de baz\u0103 &#8212; Algebra, Analiza Matematic\u0103 \u0219i Geometria Analitic\u0103. Dup\u0103 prima sesiune de examene, anume aceste trei cursuri \u0219i ace\u0219ti trei profesori mi-au insuflat, \u00eentr-un mod implicit, idea c\u0103 pot face matematica la nivel bun. Mai t\u00e2rziu toate cursurile speciale din cadrul specializ\u0103rii la catedra analiz\u0103 matematic\u0103 au fost o experien\u021b\u0103 deosebit\u0103, \u0219i acum realizez ca a fost un lux s\u0103 \u00eenve\u021bi teorii \u00eentregi predate de exper\u021bi cu nume \u00eentr-o serie scurta de lec\u021bii.<\/p>\n<p>La sf\u00e2r\u0219itul anului \u00eent\u00e2i, am f\u0103cut cuno\u0219tin\u021b\u0103 cu Dl Petru Cojuhari, pe atunci profesor la catedra de analiz\u0103 matematic\u0103, c\u0103ruia \u00eei datorezi \u00een mare m\u0103sur\u0103 \u00eentreaga mea dezvoltare profesional\u0103, \u0219i care mi-a fost mai mult dec\u00e2t un profesor sau conduc\u0103tor \u0219tiin\u021bific. Pe parcursul la mul\u021bi ani am \u00eenv\u0103\u021bat de la dumnealui matematic\u0103, am lucrat \u00eempreun\u0103 pe ni\u0219te probleme foarte interesante \u0219i am profitat de sfaturi de via\u021ba de toate zilele. Personal vreau s\u0103 cred ca studen\u021bii \u0219i doctoranzii mei m\u0103 v\u0103d la fel cum eu vedeam profesorii<\/p>\n<p>mei de la USM.<br \/>\n<strong>5.\u00a0\u00a0\u00a0\u00a0 Pasiunea pentru domeniul profesat adaug\u0103 valoare preg\u0103tirii profesionale. De unde vine pasiunea Dumneavoastr\u0103 pentru matematic\u0103?<\/strong><\/p>\n<p>Dup\u0103 cum am men\u021bionat, pasiunea vine \u00eenc\u0103 din \u0219coala. \u00cencercarea de a rezolva probleme din afara curriculumului \u0219colar \u0219i participarea la olimpiade \u0219colare probabil ca au stat la baza dezvolt\u0103rii pasiunii fa\u021b\u0103 de partea netrivial\u0103 a matematicii. Mai t\u00e2rziu, la facultate, catedra de analiz\u0103 matematic\u0103 organiza un facultativ s\u0103pt\u0103m\u00e2nal, condus de dl. Petru Cojuhari, unde discutam metode de rezolvare a problemelor care nu \u00eentrau \u00een cursurile standarde. Subiectele\u00a0 erau alese foarte iscusit, care demonstrau cu o putere deosebit\u0103 frumuse\u021bea matematicii. Unul dintre aceste subiecte \u2013 ecua\u021bii cu diferen\u021be finite \u2013 a stat la baza primului meu domeniu de cercetare \u0219tiin\u021bific\u0103.<\/p>\n<p>6<strong>.\u00a0\u00a0\u00a0\u00a0 V\u0103 mai aduce\u021bi aminte de ce a\u021bi ales USM \u0219i c\u00e2t de u\u0219or a fost s\u0103 fi\u021bi admis la studii?<\/strong><\/p>\n<p>Decideam \u00eentre fizic\u0103 \u0219i matematic\u0103, \u0219i p\u00e2n\u0103 la urm\u0103 am ales matematica teoretic\u0103. Facultatea de Matematica de la USM era \u00een topul facult\u0103\u021bilor de matematica din fosta Uniune Sovietic\u0103, \u0219i admiterea era foarte competitiv\u0103. Mare majoritate a celor admi\u0219i de\u021bineam medalie de aur sau argint din \u0219coal\u0103. A fost o concuren\u021b\u0103 s\u0103n\u0103toas\u0103 care ne-a impus s\u0103 fim con\u0219tiincio\u0219i,\u00a0 s\u00e2rguincio\u0219i \u0219i respectuo\u0219i pe parcursul anilor de studii la facultate.<br \/>\n8.\u00a0\u00a0\u00a0\u00a0\u00a0<strong>Studen\u021bii\/absolven\u021bii sunt barometrul performan\u021belor USM. Ce impresii ave\u021bi despre Alma Mater \u00een prezent?<\/strong><br \/>\nActiv\u00e2nd de ceva timp \u00een afara \u021b\u0103rii, cunosc mai pu\u021bine detalii despre Alma Mater, dar ca un absolvent m\u00e2ndru al acestei institu\u021bii \u00eencerc s\u0103 urm\u0103resc evenimentele \u0219i nout\u0103\u021bile legate de USM \u0219i de facultate. O v\u0103d \u00een continuare ca o institu\u021bie de elit\u0103, cu un enorm poten\u021bial \u0219tiin\u021bific \u0219i didactic, \u0219i cu absolven\u021bi care ocupa pozi\u021bii cheie at\u00e2t \u00een sfera privat\u0103 c\u00e2t \u0219i \u00een cea de stat.<\/p>\n<p><strong>9.\u00a0\u00a0\u00a0\u00a0 \u00cen timpul de fa\u021b\u0103, sistemul educa\u021bional din \u021bar\u0103 urmeaz\u0103 un anume model care este concentrat doar pe dezvoltarea de competen\u021be. La ce s\u0103 apeleze tinerii pentru a g\u0103si un echilibru \u00eentre presiunea de a deveni un specialist necesar pe pia\u021ba muncii \u0219i pasiunea pentru un anume domeniu, chiar dac\u0103 e mai pu\u021bin c\u0103utat, solicitat?<\/strong><\/p>\n<p>Societatea modern\u0103 trece prin schimb\u0103ri rapide, \u0219i, inevitabil, institu\u021biile de \u00eenv\u0103\u021b\u0103m\u00e2nt de top vor ajusta programele de studii pentru a suporta cererea pie\u021bei de munc\u0103. Pe de alta parte, la nivel general lucrurile sunt cu mult mai stabile \u0219i moda \u00eentr-o specializare sau o aptitudine particular\u0103 sunt ni\u0219te fenomene temporare. Ceia ce nu se schimb\u0103 peste noapte sunt cuno\u0219tin\u021bele de baz\u0103 \u0219i teoriile fundamentale din domeniu care pun baza \u00eentregii carieri. Restul vor ap\u0103rea doar ca ni\u0219te ajust\u0103ri \u0219i acomod\u0103ri la realitate. R\u0103m\u00e2ne s\u0103 \u00eent\u00e2lnesc pe cineva care este realizat profesional \u0219i fericit de lucrul care nu-i urmeaz\u0103 pasiunea, mai ales dac\u0103 vorbim de o cariera lung\u0103 de o via\u021b\u0103. Oric\u00e2nd a-\u0219i pune pasiunea mai sus dec\u00e2t moda.<\/p>\n<p><strong>10. Din perspectiva experien\u021bei valoroase a activit\u0103\u021bii Dvs. ce sfaturi le pute\u021bi da studen\u021bilor actuali, viitorilor studen\u021bi, pentru a-\u0219i construi reu\u0219it istoria vie\u021bii lor?<\/strong><\/p>\n<p>\u00cencerca\u021bi necunoscutul, cre\u0219te\u021bi spirtul creativ. Studia\u021bi un subiect nou, sau \u00eencerca\u021bi un hobby care v\u0103 inspir\u0103. C\u00e2t \u021bine de studii \u0219i cursuri, uita\u021bi de idea \u201dPentru ce s\u0103 \u00eenv\u0103\u021b teoriile care niciodat\u0103 nu le voi utiliza \u00een c\u00e2mpul muncii?\u201d. Pe l\u00e2ng\u0103 faptul c\u0103 este imposibil de anticipat pe termen lung ce anume o s\u0103 utiliza\u021bi la viitorul loc de munc\u0103, studierea subiectelor avansate, care adeseori dep\u0103\u0219esc necesit\u0103\u021bile practice, contribuie la cel mai important aspect al studiilor universitare \u2013 dezvoltarea multilateral\u0103 a capacit\u0103\u021bilor intelectuale.<\/p>\n<p><strong>11. USM \u00eempline\u0219te anul acesta 75 de ani de la fondare. Ce mesaj de felicitare vre\u021bi s\u0103 transmite\u021bi Almei Mater \u2013 Universitatea de Stat din Moldova?<\/strong><\/p>\n<p>Desigur mul\u021bi ani \u00eenainte!\u00a0 75 de ani este o v\u00e2rst\u0103 remarcabil\u0103 pe parcursul c\u0103reia USM a reu\u0219it foarte multe. \u00cei doresc \u00een continuare s\u0103 fie lider \u00een \u00eenv\u0103\u021b\u0103m\u00e2ntul universitar \u0219i un centru \u0219tiin\u021bific interna\u021bional, cu absolven\u021bi care vor contribui pozitiv la dezvoltarea \u0219i bun\u0103starea \u00eentregii societ\u0103\u021bii.\u00a0\u00a0 \u00cei doresc s\u0103 fie agil\u0103, creativ\u0103 \u0219i optimist\u0103.<\/p>\n","protected":false},"excerpt":{"rendered":"<p>Cu ocazia\u00a0anivers\u0103rii a 75-a a Universit\u0103\u021bii de Stat din Moldova, absolventul Facult\u0103\u021bii de Matematic\u0103 \u0219i Informatic\u0103 Igor CIALENCO, Profesor, Directorul Departamentului de Matematic\u0103 Aplicat\u0103, \u00a0Illinois Institute of Technology, https:\/\/www.iit.edu\/directory\/people\/igor-cialenco, a oferit un interviu despre istoria vie\u021bii Domniei sale. 1.\u00a0\u00a0\u00a0\u00a0\u00a0Tradi\u021bional, discipolii USM sunt cei care asigur\u0103 pia\u021ba muncii cu profesioni\u0219ti, speciali\u0219ti cu o \u00eenalt\u0103 preg\u0103tire academic\u0103.&hellip; <br \/> <a class=\"read-more\" href=\"https:\/\/fmi.usm.md\/ru\/interviu-cu-absolventul-fmi-igor-cialenco-profesor-directorul-departamentului-de-matematica-aplicata-illinois-institute-of-technology\/\">\u0427\u0438\u0442\u0430\u0442\u044c \u0434\u0430\u043b\u044c\u0448\u0435<\/a><\/p>\n","protected":false},"author":1,"featured_media":766,"comment_status":"closed","ping_status":"closed","sticky":false,"template":"","format":"standard","meta":{"_seopress_robots_primary_cat":"","_seopress_titles_title":"","_seopress_titles_desc":"","_seopress_robots_index":"","footnotes":""},"categories":[4],"tags":[],"class_list":["post-765","post","type-post","status-publish","format-standard","has-post-thumbnail","hentry","category-absolventi"],"rttpg_featured_image_url":{"full":["https:\/\/fmi.usm.md\/wp-content\/uploads\/2023\/04\/cialenco.jpg",220,244,false],"landscape":["https:\/\/fmi.usm.md\/wp-content\/uploads\/2023\/04\/cialenco.jpg",220,244,false],"portraits":["https:\/\/fmi.usm.md\/wp-content\/uploads\/2023\/04\/cialenco.jpg",220,244,false],"thumbnail":["https:\/\/fmi.usm.md\/wp-content\/uploads\/2023\/04\/cialenco-150x150.jpg",150,150,true],"medium":["https:\/\/fmi.usm.md\/wp-content\/uploads\/2023\/04\/cialenco.jpg",220,244,false],"large":["https:\/\/fmi.usm.md\/wp-content\/uploads\/2023\/04\/cialenco.jpg",220,244,false],"master_addons_team_thumb":["https:\/\/fmi.usm.md\/wp-content\/uploads\/2023\/04\/cialenco.jpg",220,244,false],"1536x1536":["https:\/\/fmi.usm.md\/wp-content\/uploads\/2023\/04\/cialenco.jpg",220,244,false],"2048x2048":["https:\/\/fmi.usm.md\/wp-content\/uploads\/2023\/04\/cialenco.jpg",220,244,false],"htmega_size_585x295":["https:\/\/fmi.usm.md\/wp-content\/uploads\/2023\/04\/cialenco.jpg",220,244,false],"htmega_size_1170x536":["https:\/\/fmi.usm.md\/wp-content\/uploads\/2023\/04\/cialenco.jpg",220,244,false],"htmega_size_396x360":["https:\/\/fmi.usm.md\/wp-content\/uploads\/2023\/04\/cialenco.jpg",220,244,false],"post-thumbnail":["https:\/\/fmi.usm.md\/wp-content\/uploads\/2023\/04\/cialenco.jpg",220,244,false],"mesmerize-full-hd":["https:\/\/fmi.usm.md\/wp-content\/uploads\/2023\/04\/cialenco.jpg",220,244,false]},"rttpg_author":{"display_name":"","author_link":"https:\/\/fmi.usm.md\/ru\/author\/"},"rttpg_comment":0,"rttpg_category":"<a href=\"https:\/\/fmi.usm.md\/ru\/absolventi\/\" rel=\"category tag\">\u0412\u044b\u043f\u0443\u0441\u043a\u043d\u0438\u043a\u0438<\/a>","rttpg_excerpt":"Cu ocazia\u00a0anivers\u0103rii a 75-a a Universit\u0103\u021bii de Stat din Moldova, absolventul Facult\u0103\u021bii de Matematic\u0103 \u0219i Informatic\u0103 Igor CIALENCO, Profesor, Directorul Departamentului de Matematic\u0103 Aplicat\u0103, \u00a0Illinois Institute of Technology, https:\/\/www.iit.edu\/directory\/people\/igor-cialenco, a oferit un interviu despre istoria vie\u021bii Domniei sale. 1.\u00a0\u00a0\u00a0\u00a0\u00a0Tradi\u021bional, discipolii USM sunt cei care asigur\u0103 pia\u021ba muncii cu profesioni\u0219ti, speciali\u0219ti cu o \u00eenalt\u0103 preg\u0103tire academic\u0103.&hellip;&hellip;","_links":{"self":[{"href":"https:\/\/fmi.usm.md\/ru\/wp-json\/wp\/v2\/posts\/765","targetHints":{"allow":["GET"]}}],"collection":[{"href":"https:\/\/fmi.usm.md\/ru\/wp-json\/wp\/v2\/posts"}],"about":[{"href":"https:\/\/fmi.usm.md\/ru\/wp-json\/wp\/v2\/types\/post"}],"author":[{"embeddable":true,"href":"https:\/\/fmi.usm.md\/ru\/wp-json\/wp\/v2\/users\/1"}],"replies":[{"embeddable":true,"href":"https:\/\/fmi.usm.md\/ru\/wp-json\/wp\/v2\/comments?post=765"}],"version-history":[{"count":8,"href":"https:\/\/fmi.usm.md\/ru\/wp-json\/wp\/v2\/posts\/765\/revisions"}],"predecessor-version":[{"id":4039,"href":"https:\/\/fmi.usm.md\/ru\/wp-json\/wp\/v2\/posts\/765\/revisions\/4039"}],"wp:featuredmedia":[{"embeddable":true,"href":"https:\/\/fmi.usm.md\/ru\/wp-json\/wp\/v2\/media\/766"}],"wp:attachment":[{"href":"https:\/\/fmi.usm.md\/ru\/wp-json\/wp\/v2\/media?parent=765"}],"wp:term":[{"taxonomy":"category","embeddable":true,"href":"https:\/\/fmi.usm.md\/ru\/wp-json\/wp\/v2\/categories?post=765"},{"taxonomy":"post_tag","embeddable":true,"href":"https:\/\/fmi.usm.md\/ru\/wp-json\/wp\/v2\/tags?post=765"}],"curies":[{"name":"wp","href":"https:\/\/api.w.org\/{rel}","templated":true}]}}